{"id":228,"date":"2014-09-05T13:03:37","date_gmt":"2014-09-05T11:03:37","guid":{"rendered":"http:\/\/signumproject.pl\/wp\/?p=228"},"modified":"2015-05-11T15:10:32","modified_gmt":"2015-05-11T13:10:32","slug":"signum-project-na-forum-acousticum-miedzynarodowej-konferencji-agh","status":"publish","type":"post","link":"https:\/\/signumproject.pl\/wp\/blog-pl\/signum-project-na-forum-acousticum-miedzynarodowej-konferencji-agh\/","title":{"rendered":"SIGNUM PROJECT na FORUM ACOUSTICUM, mi\u0119dzynarodowej konferencji AGH"},"content":{"rendered":"W dniach 7-12 wrze\u015bnia 2014 r. w Akademii G\u00f3rniczo-Hutniczej w Krakowie odb\u0119dzie si\u0119 jedna z najwa\u017cniejszych mi\u0119dzynarodowych konferencji akustycznych \u2013 VII FORUM ACUSTICUM 2014. Konferencja organizowana jest przez Polskie Towarzystwo Akustyczne, pod patronatem European Acoustics Association przy wsp\u00f3\u0142udziale Komitetu Akustyki Polskiej Akademii Nauk oraz Wydzia\u0142u In\u017cynierii Mechanicznej i Robotyki AGH w Krakowie.","protected":false},"excerpt":{"rendered":"W dniach 7-12 wrze\u015bnia 2014 r. w Akademii G\u00f3rniczo-Hutniczej w Krakowie odb\u0119dzie si\u0119 jedna z najwa\u017cniejszych mi\u0119dzynarodowych konferencji akustycznych \u2013 VII FORUM ACUSTICUM 2014. Konferencja organizowana jest przez Polskie Towarzystwo Akustyczne, pod patronatem European Acoustics Association przy wsp\u00f3\u0142udziale Komitetu Akustyki Polskiej Akademii Nauk oraz Wydzia\u0142u In\u017cynierii Mechanicznej i Robotyki AGH w Krakowie.","protected":false},"author":1,"featured_media":0,"comment_status":"open","ping_status":"open","sticky":false,"template":"","format":"standard","meta":{"_acf_changed":false,"footnotes":""},"categories":[1],"tags":[],"class_list":["post-228","post","type-post","status-publish","format-standard","hentry","category-blog-pl"],"acf":[],"yoast_head":"<!-- This site is optimized with the Yoast SEO plugin v26.6 - https:\/\/yoast.com\/wordpress\/plugins\/seo\/ -->\n<title>SIGNUM PROJECT na FORUM ACOUSTICUM<\/title>\n<meta name=\"description\" content=\"W dniach 7-12 wrze\u015bnia 2014 r. w Akademii G\u00f3rniczo-Hutniczej w Krakowie odb\u0119dzie si\u0119 jedna z najwa\u017cniejszych mi\u0119dzynarodowych konferencji akustycznych.\" \/>\n<meta name=\"robots\" content=\"index, follow, max-snippet:-1, max-image-preview:large, max-video-preview:-1\" \/>\n<link rel=\"canonical\" href=\"https:\/\/signumproject.pl\/wp\/blog-pl\/signum-project-na-forum-acousticum-miedzynarodowej-konferencji-agh\/\" \/>\n<meta property=\"og:locale\" content=\"pl_PL\" \/>\n<meta property=\"og:type\" content=\"article\" \/>\n<meta property=\"og:title\" content=\"SIGNUM PROJECT na FORUM ACOUSTICUM\" \/>\n<meta property=\"og:description\" content=\"W dniach 7-12 wrze\u015bnia 2014 r. w Akademii G\u00f3rniczo-Hutniczej w Krakowie odb\u0119dzie si\u0119 jedna z najwa\u017cniejszych mi\u0119dzynarodowych konferencji akustycznych.\" \/>\n<meta property=\"og:url\" content=\"https:\/\/signumproject.pl\/wp\/blog-pl\/signum-project-na-forum-acousticum-miedzynarodowej-konferencji-agh\/\" \/>\n<meta property=\"og:site_name\" content=\"SiGNUM Project\" \/>\n<meta property=\"article:published_time\" content=\"2014-09-05T11:03:37+00:00\" \/>\n<meta property=\"article:modified_time\" content=\"2015-05-11T13:10:32+00:00\" \/>\n<meta name=\"author\" content=\"babilon\" \/>\n<meta name=\"twitter:label1\" content=\"Napisane przez\" \/>\n\t<meta name=\"twitter:data1\" content=\"babilon\" \/>\n<script type=\"application\/ld+json\" class=\"yoast-schema-graph\">{\"@context\":\"https:\/\/schema.org\",\"@graph\":[{\"@type\":\"WebPage\",\"@id\":\"https:\/\/signumproject.pl\/wp\/blog-pl\/signum-project-na-forum-acousticum-miedzynarodowej-konferencji-agh\/\",\"url\":\"https:\/\/signumproject.pl\/wp\/blog-pl\/signum-project-na-forum-acousticum-miedzynarodowej-konferencji-agh\/\",\"name\":\"SIGNUM PROJECT na FORUM ACOUSTICUM\",\"isPartOf\":{\"@id\":\"https:\/\/signumproject.pl\/wp\/#website\"},\"datePublished\":\"2014-09-05T11:03:37+00:00\",\"dateModified\":\"2015-05-11T13:10:32+00:00\",\"author\":{\"@id\":\"https:\/\/signumproject.pl\/wp\/#\/schema\/person\/58a68dc3bcaba74dd13338a00eb2526d\"},\"description\":\"W dniach 7-12 wrze\u015bnia 2014 r. w Akademii G\u00f3rniczo-Hutniczej w Krakowie odb\u0119dzie si\u0119 jedna z najwa\u017cniejszych mi\u0119dzynarodowych konferencji akustycznych.\",\"breadcrumb\":{\"@id\":\"https:\/\/signumproject.pl\/wp\/blog-pl\/signum-project-na-forum-acousticum-miedzynarodowej-konferencji-agh\/#breadcrumb\"},\"inLanguage\":\"pl-PL\",\"potentialAction\":[{\"@type\":\"ReadAction\",\"target\":[\"https:\/\/signumproject.pl\/wp\/blog-pl\/signum-project-na-forum-acousticum-miedzynarodowej-konferencji-agh\/\"]}]},{\"@type\":\"BreadcrumbList\",\"@id\":\"https:\/\/signumproject.pl\/wp\/blog-pl\/signum-project-na-forum-acousticum-miedzynarodowej-konferencji-agh\/#breadcrumb\",\"itemListElement\":[{\"@type\":\"ListItem\",\"position\":1,\"name\":\"Start\",\"item\":\"https:\/\/signumproject.pl\/wp\/\"},{\"@type\":\"ListItem\",\"position\":2,\"name\":\"SIGNUM PROJECT na FORUM ACOUSTICUM, mi\u0119dzynarodowej konferencji AGH\"}]},{\"@type\":\"WebSite\",\"@id\":\"https:\/\/signumproject.pl\/wp\/#website\",\"url\":\"https:\/\/signumproject.pl\/wp\/\",\"name\":\"SiGNUM Project\",\"description\":\"Projektujemy przysz\u0142o\u015b\u0107 \u0142\u0105cz\u0105c nowe mo\u017cliwo\u015bci\",\"potentialAction\":[{\"@type\":\"SearchAction\",\"target\":{\"@type\":\"EntryPoint\",\"urlTemplate\":\"https:\/\/signumproject.pl\/wp\/?s={search_term_string}\"},\"query-input\":{\"@type\":\"PropertyValueSpecification\",\"valueRequired\":true,\"valueName\":\"search_term_string\"}}],\"inLanguage\":\"pl-PL\"},{\"@type\":\"Person\",\"@id\":\"https:\/\/signumproject.pl\/wp\/#\/schema\/person\/58a68dc3bcaba74dd13338a00eb2526d\",\"name\":\"babilon\",\"image\":{\"@type\":\"ImageObject\",\"inLanguage\":\"pl-PL\",\"@id\":\"https:\/\/signumproject.pl\/wp\/#\/schema\/person\/image\/\",\"url\":\"https:\/\/secure.gravatar.com\/avatar\/93f845b7252f8cf8892fa84410f5325431fafd834e9100c554b413c7cb4c5220?s=96&d=mm&r=g\",\"contentUrl\":\"https:\/\/secure.gravatar.com\/avatar\/93f845b7252f8cf8892fa84410f5325431fafd834e9100c554b413c7cb4c5220?s=96&d=mm&r=g\",\"caption\":\"babilon\"}}]}<\/script>\n<!-- \/ Yoast SEO plugin. -->","yoast_head_json":{"title":"SIGNUM PROJECT na FORUM ACOUSTICUM","description":"W dniach 7-12 wrze\u015bnia 2014 r. w Akademii G\u00f3rniczo-Hutniczej w Krakowie odb\u0119dzie si\u0119 jedna z najwa\u017cniejszych mi\u0119dzynarodowych konferencji akustycznych.","robots":{"index":"index","follow":"follow","max-snippet":"max-snippet:-1","max-image-preview":"max-image-preview:large","max-video-preview":"max-video-preview:-1"},"canonical":"https:\/\/signumproject.pl\/wp\/blog-pl\/signum-project-na-forum-acousticum-miedzynarodowej-konferencji-agh\/","og_locale":"pl_PL","og_type":"article","og_title":"SIGNUM PROJECT na FORUM ACOUSTICUM","og_description":"W dniach 7-12 wrze\u015bnia 2014 r. w Akademii G\u00f3rniczo-Hutniczej w Krakowie odb\u0119dzie si\u0119 jedna z najwa\u017cniejszych mi\u0119dzynarodowych konferencji akustycznych.","og_url":"https:\/\/signumproject.pl\/wp\/blog-pl\/signum-project-na-forum-acousticum-miedzynarodowej-konferencji-agh\/","og_site_name":"SiGNUM Project","article_published_time":"2014-09-05T11:03:37+00:00","article_modified_time":"2015-05-11T13:10:32+00:00","author":"babilon","twitter_misc":{"Napisane przez":"babilon"},"schema":{"@context":"https:\/\/schema.org","@graph":[{"@type":"WebPage","@id":"https:\/\/signumproject.pl\/wp\/blog-pl\/signum-project-na-forum-acousticum-miedzynarodowej-konferencji-agh\/","url":"https:\/\/signumproject.pl\/wp\/blog-pl\/signum-project-na-forum-acousticum-miedzynarodowej-konferencji-agh\/","name":"SIGNUM PROJECT na FORUM ACOUSTICUM","isPartOf":{"@id":"https:\/\/signumproject.pl\/wp\/#website"},"datePublished":"2014-09-05T11:03:37+00:00","dateModified":"2015-05-11T13:10:32+00:00","author":{"@id":"https:\/\/signumproject.pl\/wp\/#\/schema\/person\/58a68dc3bcaba74dd13338a00eb2526d"},"description":"W dniach 7-12 wrze\u015bnia 2014 r. w Akademii G\u00f3rniczo-Hutniczej w Krakowie odb\u0119dzie si\u0119 jedna z najwa\u017cniejszych mi\u0119dzynarodowych konferencji akustycznych.","breadcrumb":{"@id":"https:\/\/signumproject.pl\/wp\/blog-pl\/signum-project-na-forum-acousticum-miedzynarodowej-konferencji-agh\/#breadcrumb"},"inLanguage":"pl-PL","potentialAction":[{"@type":"ReadAction","target":["https:\/\/signumproject.pl\/wp\/blog-pl\/signum-project-na-forum-acousticum-miedzynarodowej-konferencji-agh\/"]}]},{"@type":"BreadcrumbList","@id":"https:\/\/signumproject.pl\/wp\/blog-pl\/signum-project-na-forum-acousticum-miedzynarodowej-konferencji-agh\/#breadcrumb","itemListElement":[{"@type":"ListItem","position":1,"name":"Start","item":"https:\/\/signumproject.pl\/wp\/"},{"@type":"ListItem","position":2,"name":"SIGNUM PROJECT na FORUM ACOUSTICUM, mi\u0119dzynarodowej konferencji AGH"}]},{"@type":"WebSite","@id":"https:\/\/signumproject.pl\/wp\/#website","url":"https:\/\/signumproject.pl\/wp\/","name":"SiGNUM Project","description":"Projektujemy przysz\u0142o\u015b\u0107 \u0142\u0105cz\u0105c nowe mo\u017cliwo\u015bci","potentialAction":[{"@type":"SearchAction","target":{"@type":"EntryPoint","urlTemplate":"https:\/\/signumproject.pl\/wp\/?s={search_term_string}"},"query-input":{"@type":"PropertyValueSpecification","valueRequired":true,"valueName":"search_term_string"}}],"inLanguage":"pl-PL"},{"@type":"Person","@id":"https:\/\/signumproject.pl\/wp\/#\/schema\/person\/58a68dc3bcaba74dd13338a00eb2526d","name":"babilon","image":{"@type":"ImageObject","inLanguage":"pl-PL","@id":"https:\/\/signumproject.pl\/wp\/#\/schema\/person\/image\/","url":"https:\/\/secure.gravatar.com\/avatar\/93f845b7252f8cf8892fa84410f5325431fafd834e9100c554b413c7cb4c5220?s=96&d=mm&r=g","contentUrl":"https:\/\/secure.gravatar.com\/avatar\/93f845b7252f8cf8892fa84410f5325431fafd834e9100c554b413c7cb4c5220?s=96&d=mm&r=g","caption":"babilon"}}]}},"_links":{"self":[{"href":"https:\/\/signumproject.pl\/wp\/wp-json\/wp\/v2\/posts\/228","targetHints":{"allow":["GET"]}}],"collection":[{"href":"https:\/\/signumproject.pl\/wp\/wp-json\/wp\/v2\/posts"}],"about":[{"href":"https:\/\/signumproject.pl\/wp\/wp-json\/wp\/v2\/types\/post"}],"author":[{"embeddable":true,"href":"https:\/\/signumproject.pl\/wp\/wp-json\/wp\/v2\/users\/1"}],"replies":[{"embeddable":true,"href":"https:\/\/signumproject.pl\/wp\/wp-json\/wp\/v2\/comments?post=228"}],"version-history":[{"count":2,"href":"https:\/\/signumproject.pl\/wp\/wp-json\/wp\/v2\/posts\/228\/revisions"}],"predecessor-version":[{"id":230,"href":"https:\/\/signumproject.pl\/wp\/wp-json\/wp\/v2\/posts\/228\/revisions\/230"}],"wp:attachment":[{"href":"https:\/\/signumproject.pl\/wp\/wp-json\/wp\/v2\/media?parent=228"}],"wp:term":[{"taxonomy":"category","embeddable":true,"href":"https:\/\/signumproject.pl\/wp\/wp-json\/wp\/v2\/categories?post=228"},{"taxonomy":"post_tag","embeddable":true,"href":"https:\/\/signumproject.pl\/wp\/wp-json\/wp\/v2\/tags?post=228"}],"curies":[{"name":"wp","href":"https:\/\/api.w.org\/{rel}","templated":true}]}}